{"id":266,"date":"2020-01-21T08:37:11","date_gmt":"2020-01-21T08:37:11","guid":{"rendered":"http:\/\/sosein.de\/?p=266"},"modified":"2020-01-21T08:37:11","modified_gmt":"2020-01-21T08:37:11","slug":"2020-januar-21","status":"publish","type":"post","link":"https:\/\/sosein.de\/?p=266","title":{"rendered":"2020 januar 21"},"content":{"rendered":"\n<p>diese beiden herren waren so derma\u00dfen absolut nicht einmal n\u00e4herungsweise zufrieden mit der lichtgeschwindigkeit  und  herrschten deswegen die sonne t\u00e4glich schon am f\u00fcnf uhr drei\u00dfig ernst, mahnend, schreiend, manchmal fast schon br\u00fcllend an , es solle schneller machen , schlie\u00dflich h\u00e4tten sie die zeit auch nicht gepachtet oder gar erfunden . weil sie im winter aber noch im dunkel die sonne klar vernehmbar ankreischten , wurden sie zun\u00e4chst in polizeilichen und daraufhin in psychiatrischen gewahrsam genommen . letztlich war es f\u00fcr die beiden UND die sonne ob des gegenseitigen schutzes eine winwinsituation .<\/p>\n\n\n\n<p>aber trotzdem  :  passt auf , wutb\u00fcrger , irgendwann erwischt es euch alle !! <\/p>\n","protected":false},"excerpt":{"rendered":"<p>diese beiden herren waren so derma\u00dfen absolut nicht einmal n\u00e4herungsweise zufrieden mit der lichtgeschwindigkeit und herrschten deswegen die sonne t\u00e4glich schon am f\u00fcnf uhr drei\u00dfig ernst, mahnend, schreiend, manchmal fast schon br\u00fcllend an , es solle schneller machen , schlie\u00dflich h\u00e4tten sie die zeit auch nicht gepachtet oder gar erfunden . weil sie im winter [&hellip;]<\/p>\n","protected":false},"author":1,"featured_media":267,"comment_status":"closed","ping_status":"open","sticky":false,"template":"","format":"standard","meta":{"_themeisle_gutenberg_block_has_review":false,"footnotes":""},"categories":[1],"tags":[],"class_list":["post-266","post","type-post","status-publish","format-standard","has-post-thumbnail","hentry","category-skizzen"],"_links":{"self":[{"href":"https:\/\/sosein.de\/index.php?rest_route=\/wp\/v2\/posts\/266","targetHints":{"allow":["GET"]}}],"collection":[{"href":"https:\/\/sosein.de\/index.php?rest_route=\/wp\/v2\/posts"}],"about":[{"href":"https:\/\/sosein.de\/index.php?rest_route=\/wp\/v2\/types\/post"}],"author":[{"embeddable":true,"href":"https:\/\/sosein.de\/index.php?rest_route=\/wp\/v2\/users\/1"}],"replies":[{"embeddable":true,"href":"https:\/\/sosein.de\/index.php?rest_route=%2Fwp%2Fv2%2Fcomments&post=266"}],"version-history":[{"count":1,"href":"https:\/\/sosein.de\/index.php?rest_route=\/wp\/v2\/posts\/266\/revisions"}],"predecessor-version":[{"id":268,"href":"https:\/\/sosein.de\/index.php?rest_route=\/wp\/v2\/posts\/266\/revisions\/268"}],"wp:featuredmedia":[{"embeddable":true,"href":"https:\/\/sosein.de\/index.php?rest_route=\/wp\/v2\/media\/267"}],"wp:attachment":[{"href":"https:\/\/sosein.de\/index.php?rest_route=%2Fwp%2Fv2%2Fmedia&parent=266"}],"wp:term":[{"taxonomy":"category","embeddable":true,"href":"https:\/\/sosein.de\/index.php?rest_route=%2Fwp%2Fv2%2Fcategories&post=266"},{"taxonomy":"post_tag","embeddable":true,"href":"https:\/\/sosein.de\/index.php?rest_route=%2Fwp%2Fv2%2Ftags&post=266"}],"curies":[{"name":"wp","href":"https:\/\/api.w.org\/{rel}","templated":true}]}}